{"id":1071,"date":"2021-04-21T16:26:50","date_gmt":"2021-04-21T16:26:50","guid":{"rendered":"https:\/\/cirice.hosting-em.store\/cms\/2021\/03\/11\/il-centro-di-capri\/"},"modified":"2021-04-21T16:26:51","modified_gmt":"2021-04-21T16:26:51","slug":"il-centro-di-capri","status":"publish","type":"post","link":"https:\/\/www.iconografiacittaeuropea.unina.it\/cms\/il-centro-di-capri\/","title":{"rendered":"Il centro di Capri"},"content":{"rendered":"<p><img src=\/catalogo\/archivio_immagini\/ca 70.jpg \/><br \/>\n<!--more--><br \/>\nLa celebre tela, che nel taglio prospettico e nella rappresentazione dell\u2019eterogeneit\u00e0 cromatica degli edifici del  centro storico di Capri, si rif\u00e0 ad un dipinto del pittore francese Lancelot-Th\u00e9odore Turpin de Criss\u00e9 (Capri, s.d.), raffigura il carattere pittoresco del nucleo medievale dell\u2019abitato con, sullo sfondo, l&#8217;inconfondibile sagoma del monte Solaro e, sulla sinistra, il Castiglione con i ruderi del castello. Tra gli edifici del centro storico si riconoscono la seicentesca chiesa di Santo Stefano con la sua cupola e il gioco serrato delle volte di copertura, la torre di palazzo Cerio e, in posizione arretrata, il campanile di piazza Umberto I. Accanto a questa veduta datata 1860 e ad alcuni schizzi di viaggio, sono noti altri due dipinti di Capri dell\u2019architetto tedesco: una veduta da monte Tiberio con la Certosa del 1833 e una rappresentazione della parte settentrionale dell\u2019abitato con il tracciato delle mura greche, senza data.<\/p>\n","protected":false},"excerpt":{"rendered":"","protected":false},"author":1,"featured_media":0,"comment_status":"closed","ping_status":"closed","sticky":false,"template":"","format":"standard","meta":[],"categories":[2],"tags":[],"_links":{"self":[{"href":"https:\/\/www.iconografiacittaeuropea.unina.it\/cms\/wp-json\/wp\/v2\/posts\/1071"}],"collection":[{"href":"https:\/\/www.iconografiacittaeuropea.unina.it\/cms\/wp-json\/wp\/v2\/posts"}],"about":[{"href":"https:\/\/www.iconografiacittaeuropea.unina.it\/cms\/wp-json\/wp\/v2\/types\/post"}],"author":[{"embeddable":true,"href":"https:\/\/www.iconografiacittaeuropea.unina.it\/cms\/wp-json\/wp\/v2\/users\/1"}],"replies":[{"embeddable":true,"href":"https:\/\/www.iconografiacittaeuropea.unina.it\/cms\/wp-json\/wp\/v2\/comments?post=1071"}],"version-history":[{"count":1,"href":"https:\/\/www.iconografiacittaeuropea.unina.it\/cms\/wp-json\/wp\/v2\/posts\/1071\/revisions"}],"predecessor-version":[{"id":3795,"href":"https:\/\/www.iconografiacittaeuropea.unina.it\/cms\/wp-json\/wp\/v2\/posts\/1071\/revisions\/3795"}],"wp:attachment":[{"href":"https:\/\/www.iconografiacittaeuropea.unina.it\/cms\/wp-json\/wp\/v2\/media?parent=1071"}],"wp:term":[{"taxonomy":"category","embeddable":true,"href":"https:\/\/www.iconografiacittaeuropea.unina.it\/cms\/wp-json\/wp\/v2\/categories?post=1071"},{"taxonomy":"post_tag","embeddable":true,"href":"https:\/\/www.iconografiacittaeuropea.unina.it\/cms\/wp-json\/wp\/v2\/tags?post=1071"}],"curies":[{"name":"wp","href":"https:\/\/api.w.org\/{rel}","templated":true}]}}