{"id":1396,"date":"2021-04-21T16:28:09","date_gmt":"2021-04-21T16:28:09","guid":{"rendered":"https:\/\/cirice.hosting-em.store\/cms\/2021\/03\/11\/il-molo-di-castellamare\/"},"modified":"2021-04-21T16:28:12","modified_gmt":"2021-04-21T16:28:12","slug":"il-molo-di-castellamare","status":"publish","type":"post","link":"https:\/\/www.iconografiacittaeuropea.unina.it\/cms\/il-molo-di-castellamare\/","title":{"rendered":"Il Molo di Castellamare"},"content":{"rendered":"<p><img src=\/catalogo\/archivio_immagini\/CM 13.jpg \/><br \/>\n<!--more--><br \/>\nIl disegno ad inchiostro \u00e8 firmato dall\u2019autore a margine del foglio in basso a sinistra: A. Senape; a destra leggiamo invece il titolo \u00abIl Molo di Castellammare\u00bb.<br \/>\nIl punto di vista, situato nelle campagne del rione di Scanzano, permette di ammirare il golfo di Castellammare e il porto con il forte casamattato costruito nel 1795. Ci\u00f2 che di questa veduta colpisce indubbiamente l\u2019osservatore sono i due bracci di murazioni fortificate che corrono lungo due pendii paralleli della montagna, proiettandosi verso il mare. Nel 1273 Carlo I d\u2019Angi\u00f2, ordin\u00f2 agli uomini di Sorrento e di Castellammare di Stabia di riparare il Castello di Castrum maris de Surrento; \u00e8 quindi certo che gi\u00e0 dai primi anni del suo regno avesse cominciato a costruire le mura e a fortificare la citt\u00e0, oramai vera e propria chiave di volta di tutto il sistema difensivo napoletano.<\/p>\n","protected":false},"excerpt":{"rendered":"","protected":false},"author":1,"featured_media":0,"comment_status":"closed","ping_status":"closed","sticky":false,"template":"","format":"standard","meta":[],"categories":[2],"tags":[],"_links":{"self":[{"href":"https:\/\/www.iconografiacittaeuropea.unina.it\/cms\/wp-json\/wp\/v2\/posts\/1396"}],"collection":[{"href":"https:\/\/www.iconografiacittaeuropea.unina.it\/cms\/wp-json\/wp\/v2\/posts"}],"about":[{"href":"https:\/\/www.iconografiacittaeuropea.unina.it\/cms\/wp-json\/wp\/v2\/types\/post"}],"author":[{"embeddable":true,"href":"https:\/\/www.iconografiacittaeuropea.unina.it\/cms\/wp-json\/wp\/v2\/users\/1"}],"replies":[{"embeddable":true,"href":"https:\/\/www.iconografiacittaeuropea.unina.it\/cms\/wp-json\/wp\/v2\/comments?post=1396"}],"version-history":[{"count":1,"href":"https:\/\/www.iconografiacittaeuropea.unina.it\/cms\/wp-json\/wp\/v2\/posts\/1396\/revisions"}],"predecessor-version":[{"id":4131,"href":"https:\/\/www.iconografiacittaeuropea.unina.it\/cms\/wp-json\/wp\/v2\/posts\/1396\/revisions\/4131"}],"wp:attachment":[{"href":"https:\/\/www.iconografiacittaeuropea.unina.it\/cms\/wp-json\/wp\/v2\/media?parent=1396"}],"wp:term":[{"taxonomy":"category","embeddable":true,"href":"https:\/\/www.iconografiacittaeuropea.unina.it\/cms\/wp-json\/wp\/v2\/categories?post=1396"},{"taxonomy":"post_tag","embeddable":true,"href":"https:\/\/www.iconografiacittaeuropea.unina.it\/cms\/wp-json\/wp\/v2\/tags?post=1396"}],"curies":[{"name":"wp","href":"https:\/\/api.w.org\/{rel}","templated":true}]}}