{"id":1438,"date":"2021-04-21T16:28:24","date_gmt":"2021-04-21T16:28:24","guid":{"rendered":"https:\/\/cirice.hosting-em.store\/cms\/2021\/03\/11\/nola\/"},"modified":"2021-04-21T16:28:25","modified_gmt":"2021-04-21T16:28:25","slug":"nola","status":"publish","type":"post","link":"https:\/\/www.iconografiacittaeuropea.unina.it\/cms\/nola\/","title":{"rendered":"Nola"},"content":{"rendered":"<p><img src=\/catalogo\/archivio_immagini\/nola05.jpg \/><br \/>\n<!--more--><br \/>\nLa veduta di Nola, piuttosto approssimativa nella rappresentazione urbana, non pu\u00f2 sicuramente essere inclusa tra quelle disegnate da Francesco Cassiano de Silva. La citt\u00e0 \u00e8 tutta racchiusa nelle mura segnate dai forti bastioni e aperte da quattro porte. Il tessuto urbano \u00e8 indicato molto schematicamente con il tracciato delle principali strade e con l\u2019indicazione delle emergenze architettoniche: la cattedrale, la cittadella fortificata, il Seggio dei Nobili e le fabbriche religiose. All\u2019esterno della cinta muraria sono riportate le principali fabbriche religiose extra moenia: il convento dei francescani riformati, i cappuccini e, sulla collina pi\u00f9 alta, i padri camaldolesi. La veduta presenta una legenda con 12 voci in basso, il nome della citt\u00e0 in cartiglio separato da un\u2019aquila bicipite coronata, simbolo della citt\u00e0, in alto e, sulla sinistra, un altro cartiglio che avrebbe forse dovuto ospitare la dedica a un illustre cittadino possibile finanziatore dell\u2019opera.<\/p>\n","protected":false},"excerpt":{"rendered":"","protected":false},"author":1,"featured_media":0,"comment_status":"closed","ping_status":"closed","sticky":false,"template":"","format":"standard","meta":[],"categories":[2],"tags":[],"_links":{"self":[{"href":"https:\/\/www.iconografiacittaeuropea.unina.it\/cms\/wp-json\/wp\/v2\/posts\/1438"}],"collection":[{"href":"https:\/\/www.iconografiacittaeuropea.unina.it\/cms\/wp-json\/wp\/v2\/posts"}],"about":[{"href":"https:\/\/www.iconografiacittaeuropea.unina.it\/cms\/wp-json\/wp\/v2\/types\/post"}],"author":[{"embeddable":true,"href":"https:\/\/www.iconografiacittaeuropea.unina.it\/cms\/wp-json\/wp\/v2\/users\/1"}],"replies":[{"embeddable":true,"href":"https:\/\/www.iconografiacittaeuropea.unina.it\/cms\/wp-json\/wp\/v2\/comments?post=1438"}],"version-history":[{"count":1,"href":"https:\/\/www.iconografiacittaeuropea.unina.it\/cms\/wp-json\/wp\/v2\/posts\/1438\/revisions"}],"predecessor-version":[{"id":4173,"href":"https:\/\/www.iconografiacittaeuropea.unina.it\/cms\/wp-json\/wp\/v2\/posts\/1438\/revisions\/4173"}],"wp:attachment":[{"href":"https:\/\/www.iconografiacittaeuropea.unina.it\/cms\/wp-json\/wp\/v2\/media?parent=1438"}],"wp:term":[{"taxonomy":"category","embeddable":true,"href":"https:\/\/www.iconografiacittaeuropea.unina.it\/cms\/wp-json\/wp\/v2\/categories?post=1438"},{"taxonomy":"post_tag","embeddable":true,"href":"https:\/\/www.iconografiacittaeuropea.unina.it\/cms\/wp-json\/wp\/v2\/tags?post=1438"}],"curies":[{"name":"wp","href":"https:\/\/api.w.org\/{rel}","templated":true}]}}