{"id":1441,"date":"2021-04-21T16:28:24","date_gmt":"2021-04-21T16:28:24","guid":{"rendered":"https:\/\/cirice.hosting-em.store\/cms\/2021\/03\/11\/veduta-di-nola\/"},"modified":"2021-04-21T16:28:25","modified_gmt":"2021-04-21T16:28:25","slug":"veduta-di-nola","status":"publish","type":"post","link":"https:\/\/www.iconografiacittaeuropea.unina.it\/cms\/veduta-di-nola\/","title":{"rendered":"Veduta di Nola"},"content":{"rendered":"<p><img src=\/catalogo\/archivio_immagini\/nola09.jpg \/><br \/>\n<!--more--><br \/>\nFiglio di un magistrato, Vincenzo Franceschini (Casandrino,1812 &#8211; 1884) nel 1837 fu allievo di Pitloo, morto dopo pochi mesi in quello stesso anno. Fu vicino ai temi della Scuola di Posillipo fino a quando, nel 1845, si rec\u00f2 a Roma dove entr\u00f2 in contatto con ambienti romantici. Smise di dipingere in et\u00e0 matura per il sopraggiungere di una malattia mentale. La veduta di Nola, citt\u00e0 non lontana da quella natale del Franceschini, deve essere collocata nel periodo posillipino dell\u2019artista.<br \/>\nSoggetto della rappresentazione \u00e8 la bassa mole del castello, al cui centro svetta la torre medievale, unica sopravvivenza della cittadella angioina, la cosiddetta Arce, sostituita alla fine del Cinquecento dalle fortificazioni progettate dall\u2019ingegnere militare Escriv\u00e0. Le strutture del castello furono demolite nel 1886 per lasciare spazio alla Villa Comunale e la tela del Franceschini ne \u00e8 la sola testimonianza iconografica.<\/p>\n","protected":false},"excerpt":{"rendered":"","protected":false},"author":1,"featured_media":0,"comment_status":"closed","ping_status":"closed","sticky":false,"template":"","format":"standard","meta":[],"categories":[2],"tags":[],"_links":{"self":[{"href":"https:\/\/www.iconografiacittaeuropea.unina.it\/cms\/wp-json\/wp\/v2\/posts\/1441"}],"collection":[{"href":"https:\/\/www.iconografiacittaeuropea.unina.it\/cms\/wp-json\/wp\/v2\/posts"}],"about":[{"href":"https:\/\/www.iconografiacittaeuropea.unina.it\/cms\/wp-json\/wp\/v2\/types\/post"}],"author":[{"embeddable":true,"href":"https:\/\/www.iconografiacittaeuropea.unina.it\/cms\/wp-json\/wp\/v2\/users\/1"}],"replies":[{"embeddable":true,"href":"https:\/\/www.iconografiacittaeuropea.unina.it\/cms\/wp-json\/wp\/v2\/comments?post=1441"}],"version-history":[{"count":1,"href":"https:\/\/www.iconografiacittaeuropea.unina.it\/cms\/wp-json\/wp\/v2\/posts\/1441\/revisions"}],"predecessor-version":[{"id":4176,"href":"https:\/\/www.iconografiacittaeuropea.unina.it\/cms\/wp-json\/wp\/v2\/posts\/1441\/revisions\/4176"}],"wp:attachment":[{"href":"https:\/\/www.iconografiacittaeuropea.unina.it\/cms\/wp-json\/wp\/v2\/media?parent=1441"}],"wp:term":[{"taxonomy":"category","embeddable":true,"href":"https:\/\/www.iconografiacittaeuropea.unina.it\/cms\/wp-json\/wp\/v2\/categories?post=1441"},{"taxonomy":"post_tag","embeddable":true,"href":"https:\/\/www.iconografiacittaeuropea.unina.it\/cms\/wp-json\/wp\/v2\/tags?post=1441"}],"curies":[{"name":"wp","href":"https:\/\/api.w.org\/{rel}","templated":true}]}}