{"id":1459,"date":"2021-04-21T16:28:29","date_gmt":"2021-04-21T16:28:29","guid":{"rendered":"https:\/\/cirice.hosting-em.store\/cms\/2021\/03\/11\/sorrento-8\/"},"modified":"2021-04-21T16:28:31","modified_gmt":"2021-04-21T16:28:31","slug":"sorrento-8","status":"publish","type":"post","link":"https:\/\/www.iconografiacittaeuropea.unina.it\/cms\/sorrento-8\/","title":{"rendered":"Sorrento"},"content":{"rendered":"<p><img src=\/catalogo\/archivio_immagini\/10 Linton.jpg \/><br \/>\n<!--more--><br \/>\nMolto bella e dettagliata \u00e8 questa litografia di Sorrento dal Capo proposta da Lindon e contenuta nei due volumi in-folio dal titolo &#8220;Sketches in Italy: Being a Selection from upwards of five hundred of the most striking and Picturesques scenes in varius of Piedmont\u2026 Sketched during a Tour in the Years 1828 and 1829&#8221;, Londra 1832; essa \u00e8 un valido esempio di vedutismo romantico con una forte adesione alla realt\u00e0 da rappresentare. L\u2019autore infatti con perizia e cura del dettaglio disegna gli edifici che ha di fronte, dei quali riporta i prospetti a occidente con le logge arcuate, i campanili, i tetti a doppia falda. Accurata \u00e8 la resa della parte orientale del Borgo della Marina Grande, del quale sono disegnate la chiesa con l\u2019alto campanile con coronamento a cupola; pi\u00f9 inneggiante al fascino del sublime \u00e8 il gruppo di case arroccate nei pressi della Porta greca della Marina. In primo piano si legge il fianco murato del vallone che delimitava il nucleo urbano a occidente, altrimenti detto Muraglia della Manganella, il cui percorso \u00e8 ora segnato da Via Sopra le mura. Particolare interessante \u00e8 che l\u2019autore disegna fedelmente la muraglia, riportando i due bastioni o piattaforme, di cui quello verso il mare a pianta pentagonale. La veduta \u00e8 pertanto un documento importante per conoscere la topografia di questa parte della citt\u00e0, poco indagata nelle vedute prospettiche del XVI e XVIII secolo. \u00c8 ben rappresentato il convento di San Vincenzo, con l\u2019abisde curva sul promontorio detto Orto a Cava, sotto il quale, a mare, \u00e8 ancorata un\u2019imbarcazione a vela latina. Altre imbarcazioni affollano lo specchio d\u2019acqua antistante la citt\u00e0, quasi a voler rimarcare il precipuo carattere della popolazione dedita all\u2019attivit\u00e0 marinara.<br \/>\nGli edifici all\u2019interno della cerchia delle mura sono disegnati con tratto chiaro: riconoscibili sono i campanili del Duomo, di San Francesco, di Santa Maria delle Grazie e, pi\u00f9 in lontananza, la torre del Castello. In basso a destra, su uno sperone di roccia e all\u2019ombra di un esile arbusto, l\u2019autore ritrae se stesso all\u2019opera con un grande foglio da disegno sulle ginocchia, in compagnia di un probabile assistente.<br \/>\n[Rossano Astarita]<\/p>\n","protected":false},"excerpt":{"rendered":"","protected":false},"author":1,"featured_media":0,"comment_status":"closed","ping_status":"closed","sticky":false,"template":"","format":"standard","meta":[],"categories":[2],"tags":[],"_links":{"self":[{"href":"https:\/\/www.iconografiacittaeuropea.unina.it\/cms\/wp-json\/wp\/v2\/posts\/1459"}],"collection":[{"href":"https:\/\/www.iconografiacittaeuropea.unina.it\/cms\/wp-json\/wp\/v2\/posts"}],"about":[{"href":"https:\/\/www.iconografiacittaeuropea.unina.it\/cms\/wp-json\/wp\/v2\/types\/post"}],"author":[{"embeddable":true,"href":"https:\/\/www.iconografiacittaeuropea.unina.it\/cms\/wp-json\/wp\/v2\/users\/1"}],"replies":[{"embeddable":true,"href":"https:\/\/www.iconografiacittaeuropea.unina.it\/cms\/wp-json\/wp\/v2\/comments?post=1459"}],"version-history":[{"count":1,"href":"https:\/\/www.iconografiacittaeuropea.unina.it\/cms\/wp-json\/wp\/v2\/posts\/1459\/revisions"}],"predecessor-version":[{"id":4197,"href":"https:\/\/www.iconografiacittaeuropea.unina.it\/cms\/wp-json\/wp\/v2\/posts\/1459\/revisions\/4197"}],"wp:attachment":[{"href":"https:\/\/www.iconografiacittaeuropea.unina.it\/cms\/wp-json\/wp\/v2\/media?parent=1459"}],"wp:term":[{"taxonomy":"category","embeddable":true,"href":"https:\/\/www.iconografiacittaeuropea.unina.it\/cms\/wp-json\/wp\/v2\/categories?post=1459"},{"taxonomy":"post_tag","embeddable":true,"href":"https:\/\/www.iconografiacittaeuropea.unina.it\/cms\/wp-json\/wp\/v2\/tags?post=1459"}],"curies":[{"name":"wp","href":"https:\/\/api.w.org\/{rel}","templated":true}]}}