{"id":1520,"date":"2021-04-21T16:28:44","date_gmt":"2021-04-21T16:28:44","guid":{"rendered":"https:\/\/cirice.hosting-em.store\/cms\/2021\/03\/11\/veduta-generale\/"},"modified":"2021-04-21T16:28:46","modified_gmt":"2021-04-21T16:28:46","slug":"veduta-generale","status":"publish","type":"post","link":"https:\/\/www.iconografiacittaeuropea.unina.it\/cms\/veduta-generale\/","title":{"rendered":"Veduta generale"},"content":{"rendered":"<p><img src=\/catalogo\/archivio_immagini\/Olivieri veduta generale.jpg \/><br \/>\n<!--more--><br \/>\nQuesta veduta inserita nella tavola III, della raccolta di vedute di Bernardo Olivieri, fu dedicata al Papa Pio VI e pubblicata a Roma nel 1794; essa risulta particolarmente interessante dal punto di vista dell&#8217;iconografia urbana, riportando eccezionalmente rispetto al tipico patrimonio iconografico pestano, l&#8217;immagine dei templi nell&#8217;ambito ben pi\u00f9 ampio del territorio circostante. La veduta mostra cos\u00ec parte del paesaggio limitrofo alla piana con i percorsi stradali. In primo piano, sulla sinistra, \u00e8 presente un edificio diroccato non identificabile.<\/p>\n","protected":false},"excerpt":{"rendered":"","protected":false},"author":1,"featured_media":0,"comment_status":"closed","ping_status":"closed","sticky":false,"template":"","format":"standard","meta":[],"categories":[2],"tags":[],"_links":{"self":[{"href":"https:\/\/www.iconografiacittaeuropea.unina.it\/cms\/wp-json\/wp\/v2\/posts\/1520"}],"collection":[{"href":"https:\/\/www.iconografiacittaeuropea.unina.it\/cms\/wp-json\/wp\/v2\/posts"}],"about":[{"href":"https:\/\/www.iconografiacittaeuropea.unina.it\/cms\/wp-json\/wp\/v2\/types\/post"}],"author":[{"embeddable":true,"href":"https:\/\/www.iconografiacittaeuropea.unina.it\/cms\/wp-json\/wp\/v2\/users\/1"}],"replies":[{"embeddable":true,"href":"https:\/\/www.iconografiacittaeuropea.unina.it\/cms\/wp-json\/wp\/v2\/comments?post=1520"}],"version-history":[{"count":1,"href":"https:\/\/www.iconografiacittaeuropea.unina.it\/cms\/wp-json\/wp\/v2\/posts\/1520\/revisions"}],"predecessor-version":[{"id":4259,"href":"https:\/\/www.iconografiacittaeuropea.unina.it\/cms\/wp-json\/wp\/v2\/posts\/1520\/revisions\/4259"}],"wp:attachment":[{"href":"https:\/\/www.iconografiacittaeuropea.unina.it\/cms\/wp-json\/wp\/v2\/media?parent=1520"}],"wp:term":[{"taxonomy":"category","embeddable":true,"href":"https:\/\/www.iconografiacittaeuropea.unina.it\/cms\/wp-json\/wp\/v2\/categories?post=1520"},{"taxonomy":"post_tag","embeddable":true,"href":"https:\/\/www.iconografiacittaeuropea.unina.it\/cms\/wp-json\/wp\/v2\/tags?post=1520"}],"curies":[{"name":"wp","href":"https:\/\/api.w.org\/{rel}","templated":true}]}}