{"id":1548,"date":"2021-04-21T16:28:49","date_gmt":"2021-04-21T16:28:49","guid":{"rendered":"https:\/\/cirice.hosting-em.store\/cms\/2021\/03\/11\/scavi-e-vesuvio-regione-viii\/"},"modified":"2021-04-21T16:28:53","modified_gmt":"2021-04-21T16:28:53","slug":"scavi-e-vesuvio-regione-viii","status":"publish","type":"post","link":"https:\/\/www.iconografiacittaeuropea.unina.it\/cms\/scavi-e-vesuvio-regione-viii\/","title":{"rendered":"Scavi e Vesuvio, Regione VIII"},"content":{"rendered":"<p><img src=\/catalogo\/archivio_immagini\/Pm46.jpg \/><br \/>\n<!--more--><br \/>\nLa veduta riprende, dal settore sud-ovest degli scavi, l\u2019insieme articolato e complesso dei ruderi di Pompei da un\u2019angolazione poco diffusa all\u2019interno del repertorio consueto delle vedute pompeiane. Pi\u00f9 che nel rispetto della fedelt\u00e0 di resa del dato naturale, il disegno fu eseguito certamente con la finalit\u00e0 di comunicare attraverso un\u2019unica e rapida illustrazione l\u2019ampio e struggente panorama della citt\u00e0 dissepolta; in tal modo l\u2019interesse dell\u2019autore si concentra sull\u2019effetto d\u2019insieme, coronando la rappresentazione con la mole del Vesuvio sullo sfondo. Come nel disegno a matita e biacca realizzato dal Lanza nel 1866, custodito nello stesso museo (inv. 19422), l\u2019opera tende a comunicare lo stato d\u2019animo, non del bello o del pittoresco, ma d\u2019una esperienza pi\u00f9 complessa. [Petrana Miltenov]<\/p>\n","protected":false},"excerpt":{"rendered":"","protected":false},"author":1,"featured_media":0,"comment_status":"closed","ping_status":"closed","sticky":false,"template":"","format":"standard","meta":[],"categories":[2],"tags":[],"_links":{"self":[{"href":"https:\/\/www.iconografiacittaeuropea.unina.it\/cms\/wp-json\/wp\/v2\/posts\/1548"}],"collection":[{"href":"https:\/\/www.iconografiacittaeuropea.unina.it\/cms\/wp-json\/wp\/v2\/posts"}],"about":[{"href":"https:\/\/www.iconografiacittaeuropea.unina.it\/cms\/wp-json\/wp\/v2\/types\/post"}],"author":[{"embeddable":true,"href":"https:\/\/www.iconografiacittaeuropea.unina.it\/cms\/wp-json\/wp\/v2\/users\/1"}],"replies":[{"embeddable":true,"href":"https:\/\/www.iconografiacittaeuropea.unina.it\/cms\/wp-json\/wp\/v2\/comments?post=1548"}],"version-history":[{"count":1,"href":"https:\/\/www.iconografiacittaeuropea.unina.it\/cms\/wp-json\/wp\/v2\/posts\/1548\/revisions"}],"predecessor-version":[{"id":4292,"href":"https:\/\/www.iconografiacittaeuropea.unina.it\/cms\/wp-json\/wp\/v2\/posts\/1548\/revisions\/4292"}],"wp:attachment":[{"href":"https:\/\/www.iconografiacittaeuropea.unina.it\/cms\/wp-json\/wp\/v2\/media?parent=1548"}],"wp:term":[{"taxonomy":"category","embeddable":true,"href":"https:\/\/www.iconografiacittaeuropea.unina.it\/cms\/wp-json\/wp\/v2\/categories?post=1548"},{"taxonomy":"post_tag","embeddable":true,"href":"https:\/\/www.iconografiacittaeuropea.unina.it\/cms\/wp-json\/wp\/v2\/tags?post=1548"}],"curies":[{"name":"wp","href":"https:\/\/api.w.org\/{rel}","templated":true}]}}