{"id":1660,"date":"2021-04-21T16:29:20","date_gmt":"2021-04-21T16:29:20","guid":{"rendered":"https:\/\/cirice.hosting-em.store\/cms\/2021\/03\/11\/eboli\/"},"modified":"2021-04-21T16:29:23","modified_gmt":"2021-04-21T16:29:23","slug":"eboli","status":"publish","type":"post","link":"https:\/\/www.iconografiacittaeuropea.unina.it\/cms\/eboli\/","title":{"rendered":"Eboli"},"content":{"rendered":"<p><img src=\/catalogo\/archivio_immagini\/1662.jpg \/><br \/>\n<!--more--><br \/>\nIl disegno della citt\u00e0 di Eboli fa parte della raccolta di iconografie di alcuni centri dell\u2019Italia meridionale collazionate dal vescovo agostiniano Angelo Rocca tra il settembre del 1583 e il giugno del 1584 in occasione delle Sacre Visite ai conventi agostiniani compiute al seguito del Priore Generale dell\u2019Ordine. Il vescovo preventivamente aveva inviato a tutti i conventi agostiniani, facenti parte del loro itinerario, un questionario e una scheda nella quale erano contenute le indicazioni per la realizzazione di vedute della citt\u00e0 (&#8216;disegno di citt\u00e0 \u00f2 terra, per poterlo fare intagliare in rame et che sia della grandezza di un quarto di foglio con l\u2019arma della citt\u00e0 in un cantone di esso\u201d) che, opportunamente rese conformi, avrebbero fatto parte di un Atlante con testi e relative incisioni. Il programma non ebbe seguito e questi disegni sono conservati a Roma presso la Biblioteca Angelica e l\u2019Archivio Generale Agostiniano. Le vedute, anonime per la maggior parte, in alcuni casi delineano una citt\u00e0 trasfigurata e sono caratterizzate da disomogeneit\u00e0 (alcune molto accurate la maggior parte approssimate), ma il loro pregio \u00e8 nel valore di documentario anche perch\u00e9 sono indicate le fortificazioni, le emergenze civili e religiose, i resti archeologici romani e greci e spesso sono munite di leggenda esplicativa. Il disegno \u00e8 sicuramente frutto di una mano esperta che con precisione delinea una citt\u00e0 di non piccole dimensioni, adagiata sulla collina di Montedoro che domina la piana del Sele. Essa era feudo delle famiglie De Silva, Grimaldi e Doria d\u2019Angri. Il nucleo urbano appare cinto da mura intervallate da torri e da porte che introducono all\u2019abitato rappresentato da molteplici elementi di edilizia minore e anonima dalla quale emerge il castello dei Colonna rafforzato da torri quadrilatere, il convento di San Francesco e la cattedrale di Santa Maria. All\u2019esterno della cinta muraria, sulla sinistra del foglio, \u00e8 disegnata la basilica normanna di San Pietro alli Marmi. All\u2019estrema destra, invece, appena fuori dalle mura, sono segnalate le botteghe per la produzione di polvere da sparo per archibugi.<\/p>\n","protected":false},"excerpt":{"rendered":"","protected":false},"author":1,"featured_media":0,"comment_status":"closed","ping_status":"closed","sticky":false,"template":"","format":"standard","meta":[],"categories":[2],"tags":[],"_links":{"self":[{"href":"https:\/\/www.iconografiacittaeuropea.unina.it\/cms\/wp-json\/wp\/v2\/posts\/1660"}],"collection":[{"href":"https:\/\/www.iconografiacittaeuropea.unina.it\/cms\/wp-json\/wp\/v2\/posts"}],"about":[{"href":"https:\/\/www.iconografiacittaeuropea.unina.it\/cms\/wp-json\/wp\/v2\/types\/post"}],"author":[{"embeddable":true,"href":"https:\/\/www.iconografiacittaeuropea.unina.it\/cms\/wp-json\/wp\/v2\/users\/1"}],"replies":[{"embeddable":true,"href":"https:\/\/www.iconografiacittaeuropea.unina.it\/cms\/wp-json\/wp\/v2\/comments?post=1660"}],"version-history":[{"count":1,"href":"https:\/\/www.iconografiacittaeuropea.unina.it\/cms\/wp-json\/wp\/v2\/posts\/1660\/revisions"}],"predecessor-version":[{"id":4405,"href":"https:\/\/www.iconografiacittaeuropea.unina.it\/cms\/wp-json\/wp\/v2\/posts\/1660\/revisions\/4405"}],"wp:attachment":[{"href":"https:\/\/www.iconografiacittaeuropea.unina.it\/cms\/wp-json\/wp\/v2\/media?parent=1660"}],"wp:term":[{"taxonomy":"category","embeddable":true,"href":"https:\/\/www.iconografiacittaeuropea.unina.it\/cms\/wp-json\/wp\/v2\/categories?post=1660"},{"taxonomy":"post_tag","embeddable":true,"href":"https:\/\/www.iconografiacittaeuropea.unina.it\/cms\/wp-json\/wp\/v2\/tags?post=1660"}],"curies":[{"name":"wp","href":"https:\/\/api.w.org\/{rel}","templated":true}]}}