{"id":1686,"date":"2021-04-21T16:29:25","date_gmt":"2021-04-21T16:29:25","guid":{"rendered":"https:\/\/cirice.hosting-em.store\/cms\/2021\/03\/11\/cava-dei-tirreni-8\/"},"modified":"2021-04-21T16:29:29","modified_gmt":"2021-04-21T16:29:29","slug":"cava-dei-tirreni-8","status":"publish","type":"post","link":"https:\/\/www.iconografiacittaeuropea.unina.it\/cms\/cava-dei-tirreni-8\/","title":{"rendered":"Cava dei Tirreni"},"content":{"rendered":"<p><img src=\/catalogo\/archivio_immagini\/Fi 32.jpg \/><br \/>\n<!--more--><br \/>\nCava dei Tirreni \u00e8 stata pi\u00f9 volte rappresentata in numerose vedute le quali ritraggono per lo pi\u00f9, anche se da punti di vista diversi, l\u2019abbazia benedettina dell\u2019XI sec. e il viadotto detto di S. Francesco del 1564. In questa litografia l\u2019autore pone il punto di vista sulla strada che da Salerno conduce al viadotto di ingresso a Cava, coperto da una fitta vegetazione. Procedendo da sinistra si vedono di scorcio l\u2019ospedale di S. Maria dell\u2019Olmo del 1585, sovrastato dal convento di S. Maria del Rifugio del XVI sec. e dalla chiesa di S. Francesco d\u2019Assisi del 1492 con il campanile del 1571; di spalle \u00e8 la chiesa di S. Maria dell\u2019Olmo del 1482 con l\u2019adiacente convento cinquecentesco dei padri Minimi, ora Oratoriani e la mole neoclassica di Palazzo Salsano.<\/p>\n","protected":false},"excerpt":{"rendered":"","protected":false},"author":1,"featured_media":0,"comment_status":"closed","ping_status":"closed","sticky":false,"template":"","format":"standard","meta":[],"categories":[2],"tags":[],"_links":{"self":[{"href":"https:\/\/www.iconografiacittaeuropea.unina.it\/cms\/wp-json\/wp\/v2\/posts\/1686"}],"collection":[{"href":"https:\/\/www.iconografiacittaeuropea.unina.it\/cms\/wp-json\/wp\/v2\/posts"}],"about":[{"href":"https:\/\/www.iconografiacittaeuropea.unina.it\/cms\/wp-json\/wp\/v2\/types\/post"}],"author":[{"embeddable":true,"href":"https:\/\/www.iconografiacittaeuropea.unina.it\/cms\/wp-json\/wp\/v2\/users\/1"}],"replies":[{"embeddable":true,"href":"https:\/\/www.iconografiacittaeuropea.unina.it\/cms\/wp-json\/wp\/v2\/comments?post=1686"}],"version-history":[{"count":1,"href":"https:\/\/www.iconografiacittaeuropea.unina.it\/cms\/wp-json\/wp\/v2\/posts\/1686\/revisions"}],"predecessor-version":[{"id":4431,"href":"https:\/\/www.iconografiacittaeuropea.unina.it\/cms\/wp-json\/wp\/v2\/posts\/1686\/revisions\/4431"}],"wp:attachment":[{"href":"https:\/\/www.iconografiacittaeuropea.unina.it\/cms\/wp-json\/wp\/v2\/media?parent=1686"}],"wp:term":[{"taxonomy":"category","embeddable":true,"href":"https:\/\/www.iconografiacittaeuropea.unina.it\/cms\/wp-json\/wp\/v2\/categories?post=1686"},{"taxonomy":"post_tag","embeddable":true,"href":"https:\/\/www.iconografiacittaeuropea.unina.it\/cms\/wp-json\/wp\/v2\/tags?post=1686"}],"curies":[{"name":"wp","href":"https:\/\/api.w.org\/{rel}","templated":true}]}}