{"id":1774,"date":"2021-04-21T16:29:50","date_gmt":"2021-04-21T16:29:50","guid":{"rendered":"https:\/\/cirice.hosting-em.store\/cms\/2021\/03\/11\/chemin-de-vietri-a-salerne\/"},"modified":"2021-04-21T16:29:51","modified_gmt":"2021-04-21T16:29:51","slug":"chemin-de-vietri-a-salerne","status":"publish","type":"post","link":"https:\/\/www.iconografiacittaeuropea.unina.it\/cms\/chemin-de-vietri-a-salerne\/","title":{"rendered":"Chemin de Vietri a Salerne"},"content":{"rendered":"<p><img src=\/catalogo\/archivio_immagini\/sa085.jpg \/><br \/>\n<!--more--><br \/>\nRaffinata litografia. La realt\u00e0 topografica \u00e8 alterata: la strada da Vietri per Salerno, infatti, non raggiunge mai una quota cos\u00ec vicina a quella del mare.<\/p>\n","protected":false},"excerpt":{"rendered":"","protected":false},"author":1,"featured_media":0,"comment_status":"closed","ping_status":"closed","sticky":false,"template":"","format":"standard","meta":[],"categories":[2],"tags":[],"_links":{"self":[{"href":"https:\/\/www.iconografiacittaeuropea.unina.it\/cms\/wp-json\/wp\/v2\/posts\/1774"}],"collection":[{"href":"https:\/\/www.iconografiacittaeuropea.unina.it\/cms\/wp-json\/wp\/v2\/posts"}],"about":[{"href":"https:\/\/www.iconografiacittaeuropea.unina.it\/cms\/wp-json\/wp\/v2\/types\/post"}],"author":[{"embeddable":true,"href":"https:\/\/www.iconografiacittaeuropea.unina.it\/cms\/wp-json\/wp\/v2\/users\/1"}],"replies":[{"embeddable":true,"href":"https:\/\/www.iconografiacittaeuropea.unina.it\/cms\/wp-json\/wp\/v2\/comments?post=1774"}],"version-history":[{"count":1,"href":"https:\/\/www.iconografiacittaeuropea.unina.it\/cms\/wp-json\/wp\/v2\/posts\/1774\/revisions"}],"predecessor-version":[{"id":4519,"href":"https:\/\/www.iconografiacittaeuropea.unina.it\/cms\/wp-json\/wp\/v2\/posts\/1774\/revisions\/4519"}],"wp:attachment":[{"href":"https:\/\/www.iconografiacittaeuropea.unina.it\/cms\/wp-json\/wp\/v2\/media?parent=1774"}],"wp:term":[{"taxonomy":"category","embeddable":true,"href":"https:\/\/www.iconografiacittaeuropea.unina.it\/cms\/wp-json\/wp\/v2\/categories?post=1774"},{"taxonomy":"post_tag","embeddable":true,"href":"https:\/\/www.iconografiacittaeuropea.unina.it\/cms\/wp-json\/wp\/v2\/tags?post=1774"}],"curies":[{"name":"wp","href":"https:\/\/api.w.org\/{rel}","templated":true}]}}