{"id":1803,"date":"2021-04-21T16:29:55","date_gmt":"2021-04-21T16:29:55","guid":{"rendered":"https:\/\/cirice.hosting-em.store\/cms\/2021\/03\/11\/foro-e-tempio-di-giove-a-pompei\/"},"modified":"2021-04-21T16:29:58","modified_gmt":"2021-04-21T16:29:58","slug":"foro-e-tempio-di-giove-a-pompei","status":"publish","type":"post","link":"https:\/\/www.iconografiacittaeuropea.unina.it\/cms\/foro-e-tempio-di-giove-a-pompei\/","title":{"rendered":"Foro e Tempio di Giove a Pompei"},"content":{"rendered":"<p><img src=\/catalogo\/archivio_immagini\/Pm27.jpg \/><br \/>\n<!--more--><br \/>\nLa veduta, litografata e acquerellata, rappresenta il lato orientale del Foro. Nella parte sinistra dell\u2019immagine sono evidenti i resti del tempio di Giove; al centro la successione degli archi di trionfo di Tiberio e Caligola; a destra le botteghe cambiavalute. Si tratta di una versione di diverso taglio prospettico rispetto alle numerosi varianti del tema del foro precedentemente illustrato dal suo maestro H\u00fcber. L\u2019opera, che fa parte della serie di vedute degli scavi realizzate da Vianelli nel primo trentennio del XIX secolo, costituisce un interessante documento iconografico per scoprire i reperti archeologici riportati alla luce, di anno in anno, nel corso dell\u2019Ottocento. Di Vianelli \u00e8 conservato anche un acquerello, raffigurante il foro, molto simile a questa veduta nel quale, per\u00f2, il punto di vista viene leggermente traslato a sinistra, permettendo cos\u00ec una visione pi\u00f9 ampia degli scavi. L\u2019opera fu edita dai due impresari stampatori consociati Domenico Cuciniello e Lorenzo Bianchi. [Petrana Miltenov]<\/p>\n","protected":false},"excerpt":{"rendered":"","protected":false},"author":1,"featured_media":0,"comment_status":"closed","ping_status":"closed","sticky":false,"template":"","format":"standard","meta":[],"categories":[2],"tags":[],"_links":{"self":[{"href":"https:\/\/www.iconografiacittaeuropea.unina.it\/cms\/wp-json\/wp\/v2\/posts\/1803"}],"collection":[{"href":"https:\/\/www.iconografiacittaeuropea.unina.it\/cms\/wp-json\/wp\/v2\/posts"}],"about":[{"href":"https:\/\/www.iconografiacittaeuropea.unina.it\/cms\/wp-json\/wp\/v2\/types\/post"}],"author":[{"embeddable":true,"href":"https:\/\/www.iconografiacittaeuropea.unina.it\/cms\/wp-json\/wp\/v2\/users\/1"}],"replies":[{"embeddable":true,"href":"https:\/\/www.iconografiacittaeuropea.unina.it\/cms\/wp-json\/wp\/v2\/comments?post=1803"}],"version-history":[{"count":1,"href":"https:\/\/www.iconografiacittaeuropea.unina.it\/cms\/wp-json\/wp\/v2\/posts\/1803\/revisions"}],"predecessor-version":[{"id":4548,"href":"https:\/\/www.iconografiacittaeuropea.unina.it\/cms\/wp-json\/wp\/v2\/posts\/1803\/revisions\/4548"}],"wp:attachment":[{"href":"https:\/\/www.iconografiacittaeuropea.unina.it\/cms\/wp-json\/wp\/v2\/media?parent=1803"}],"wp:term":[{"taxonomy":"category","embeddable":true,"href":"https:\/\/www.iconografiacittaeuropea.unina.it\/cms\/wp-json\/wp\/v2\/categories?post=1803"},{"taxonomy":"post_tag","embeddable":true,"href":"https:\/\/www.iconografiacittaeuropea.unina.it\/cms\/wp-json\/wp\/v2\/tags?post=1803"}],"curies":[{"name":"wp","href":"https:\/\/api.w.org\/{rel}","templated":true}]}}