{"id":1858,"date":"2021-04-21T16:30:13","date_gmt":"2021-04-21T16:30:13","guid":{"rendered":"https:\/\/cirice.hosting-em.store\/cms\/2021\/03\/11\/tempio-di-serapide-a-pozzuoli-7\/"},"modified":"2021-04-21T16:30:15","modified_gmt":"2021-04-21T16:30:15","slug":"tempio-di-serapide-a-pozzuoli-7","status":"publish","type":"post","link":"https:\/\/www.iconografiacittaeuropea.unina.it\/cms\/tempio-di-serapide-a-pozzuoli-7\/","title":{"rendered":"Tempio di Serapide a Pozzuoli"},"content":{"rendered":"<p><img src=\/catalogo\/archivio_immagini\/1860.jpg \/><br \/>\n<!--more--><br \/>\nIl Tempio attribuito a Serapide in realt\u00e0 un Macellum, di et\u00e0 romana,  esercit\u00f2 notevole fascino sugli artisti, che nella seconda met\u00e0 del Settecento lo ritrassero pi\u00f9 volte (Volaire, Piranesi, Houel, Desprez, Hackert). Nei dipinti di Lusieri \u00e8 raffigurato, senza la presenza d\u2019acqua in una fase ascendente del bradisismo da un punto di vista interno con le colonne a sinistra e sullo sfondo la torre cinquecentesca.<\/p>\n","protected":false},"excerpt":{"rendered":"","protected":false},"author":1,"featured_media":0,"comment_status":"closed","ping_status":"closed","sticky":false,"template":"","format":"standard","meta":[],"categories":[2],"tags":[],"_links":{"self":[{"href":"https:\/\/www.iconografiacittaeuropea.unina.it\/cms\/wp-json\/wp\/v2\/posts\/1858"}],"collection":[{"href":"https:\/\/www.iconografiacittaeuropea.unina.it\/cms\/wp-json\/wp\/v2\/posts"}],"about":[{"href":"https:\/\/www.iconografiacittaeuropea.unina.it\/cms\/wp-json\/wp\/v2\/types\/post"}],"author":[{"embeddable":true,"href":"https:\/\/www.iconografiacittaeuropea.unina.it\/cms\/wp-json\/wp\/v2\/users\/1"}],"replies":[{"embeddable":true,"href":"https:\/\/www.iconografiacittaeuropea.unina.it\/cms\/wp-json\/wp\/v2\/comments?post=1858"}],"version-history":[{"count":1,"href":"https:\/\/www.iconografiacittaeuropea.unina.it\/cms\/wp-json\/wp\/v2\/posts\/1858\/revisions"}],"predecessor-version":[{"id":4603,"href":"https:\/\/www.iconografiacittaeuropea.unina.it\/cms\/wp-json\/wp\/v2\/posts\/1858\/revisions\/4603"}],"wp:attachment":[{"href":"https:\/\/www.iconografiacittaeuropea.unina.it\/cms\/wp-json\/wp\/v2\/media?parent=1858"}],"wp:term":[{"taxonomy":"category","embeddable":true,"href":"https:\/\/www.iconografiacittaeuropea.unina.it\/cms\/wp-json\/wp\/v2\/categories?post=1858"},{"taxonomy":"post_tag","embeddable":true,"href":"https:\/\/www.iconografiacittaeuropea.unina.it\/cms\/wp-json\/wp\/v2\/tags?post=1858"}],"curies":[{"name":"wp","href":"https:\/\/api.w.org\/{rel}","templated":true}]}}