{"id":1962,"date":"2021-04-21T16:30:39","date_gmt":"2021-04-21T16:30:39","guid":{"rendered":"https:\/\/cirice.hosting-em.store\/cms\/2021\/03\/11\/monasterium-cavense\/"},"modified":"2021-04-21T16:30:41","modified_gmt":"2021-04-21T16:30:41","slug":"monasterium-cavense","status":"publish","type":"post","link":"https:\/\/www.iconografiacittaeuropea.unina.it\/cms\/monasterium-cavense\/","title":{"rendered":"Monasterium Cavense"},"content":{"rendered":"<p><img src=\/catalogo\/archivio_immagini\/1963.jpg \/><br \/>\n<!--more--><br \/>\nL&#8217;incisione, facente parte delle illustrazioni del Codex Diplomaticus Cavensis, rappresenta l\u2019abbazia della Trinit\u00e0 di Cava immersa nel paesaggio in cui sorge ossia sul ciglio del profondo torrente Selano a ridosso dei rilievi collinari circostanti. La citt\u00e0 di Cava acquist\u00f2 importanza quando divenne diocesi dipendente degli abati della Trinit\u00e0 i quali, dopo la costituzione della Congregazione Cavense nel XII secolo, ebbero sotto la propria giurisdizione numerosissime chiese e abbazie nonch\u00e9 navi per commerci con l\u2019Oriente. L\u2019abbazia benedettina cluniacense forma in se un complesso architettonico molto articolato; costituito in primo piano dalla chiesa del XI secolo la cui facciata fu ricostruita nel Settecento mentre alle spalle sono riportati i corpi di fabbrica che costituiscono il vasto impianto monasteriale comprendente la sala del Capitolo, il chiostro e il palatium destinato agli ospiti. Possiamo solo immaginare l\u2019articolazione interna della fabbrica in quanto essa \u00e8 rappresentata dall\u2019esterno con alte mura munite di piccole aperture che corrispondono alle celle dei monaci dietro le quali sono appena distinguibili gli archi del chiostro.<\/p>\n","protected":false},"excerpt":{"rendered":"","protected":false},"author":1,"featured_media":0,"comment_status":"closed","ping_status":"closed","sticky":false,"template":"","format":"standard","meta":[],"categories":[2],"tags":[],"_links":{"self":[{"href":"https:\/\/www.iconografiacittaeuropea.unina.it\/cms\/wp-json\/wp\/v2\/posts\/1962"}],"collection":[{"href":"https:\/\/www.iconografiacittaeuropea.unina.it\/cms\/wp-json\/wp\/v2\/posts"}],"about":[{"href":"https:\/\/www.iconografiacittaeuropea.unina.it\/cms\/wp-json\/wp\/v2\/types\/post"}],"author":[{"embeddable":true,"href":"https:\/\/www.iconografiacittaeuropea.unina.it\/cms\/wp-json\/wp\/v2\/users\/1"}],"replies":[{"embeddable":true,"href":"https:\/\/www.iconografiacittaeuropea.unina.it\/cms\/wp-json\/wp\/v2\/comments?post=1962"}],"version-history":[{"count":1,"href":"https:\/\/www.iconografiacittaeuropea.unina.it\/cms\/wp-json\/wp\/v2\/posts\/1962\/revisions"}],"predecessor-version":[{"id":4707,"href":"https:\/\/www.iconografiacittaeuropea.unina.it\/cms\/wp-json\/wp\/v2\/posts\/1962\/revisions\/4707"}],"wp:attachment":[{"href":"https:\/\/www.iconografiacittaeuropea.unina.it\/cms\/wp-json\/wp\/v2\/media?parent=1962"}],"wp:term":[{"taxonomy":"category","embeddable":true,"href":"https:\/\/www.iconografiacittaeuropea.unina.it\/cms\/wp-json\/wp\/v2\/categories?post=1962"},{"taxonomy":"post_tag","embeddable":true,"href":"https:\/\/www.iconografiacittaeuropea.unina.it\/cms\/wp-json\/wp\/v2\/tags?post=1962"}],"curies":[{"name":"wp","href":"https:\/\/api.w.org\/{rel}","templated":true}]}}