{"id":1986,"date":"2021-04-21T16:30:48","date_gmt":"2021-04-21T16:30:48","guid":{"rendered":"https:\/\/cirice.hosting-em.store\/cms\/2021\/03\/11\/nola-2\/"},"modified":"2021-04-21T16:30:49","modified_gmt":"2021-04-21T16:30:49","slug":"nola-2","status":"publish","type":"post","link":"https:\/\/www.iconografiacittaeuropea.unina.it\/cms\/nola-2\/","title":{"rendered":"Nola"},"content":{"rendered":"<p><img src=\/catalogo\/archivio_immagini\/1989.jpg \/><br \/>\n<!--more--><br \/>\nQuesta incisione, insieme alla pianta geografica che raffigura la diocesi di Teano, \u00e8 allegata al libro quarto del volume del geografo e disegnatore tedesco Filippo Cluverio Italiae antiquae. L\u2019autore ha utilizzato quale materiale illustrativo una serie di incisioni della Campania realizzate in epoca diversa e per scopi eterogenei.<br \/>\nLa pianta geografica raffigura il territorio della pianura Campana; con un tratto alquanto elementare sono delineati i rilievi montuosi, i corsi d\u2019acqua, il Vesuvio e il golfo di Napoli. Una piccola veduta della citt\u00e0 di Nola \u00e8 al centro del foglio, cinta dalle mura con le torri cilindriche, l\u2019abitato \u00e8 omogeneo e non spicca nessuna emergenza. Oltre la citt\u00e0 di Nola \u00e8 disegnata anche Napoli e una serie di altri piccoli centri.<\/p>\n","protected":false},"excerpt":{"rendered":"","protected":false},"author":1,"featured_media":0,"comment_status":"closed","ping_status":"closed","sticky":false,"template":"","format":"standard","meta":[],"categories":[2],"tags":[],"_links":{"self":[{"href":"https:\/\/www.iconografiacittaeuropea.unina.it\/cms\/wp-json\/wp\/v2\/posts\/1986"}],"collection":[{"href":"https:\/\/www.iconografiacittaeuropea.unina.it\/cms\/wp-json\/wp\/v2\/posts"}],"about":[{"href":"https:\/\/www.iconografiacittaeuropea.unina.it\/cms\/wp-json\/wp\/v2\/types\/post"}],"author":[{"embeddable":true,"href":"https:\/\/www.iconografiacittaeuropea.unina.it\/cms\/wp-json\/wp\/v2\/users\/1"}],"replies":[{"embeddable":true,"href":"https:\/\/www.iconografiacittaeuropea.unina.it\/cms\/wp-json\/wp\/v2\/comments?post=1986"}],"version-history":[{"count":2,"href":"https:\/\/www.iconografiacittaeuropea.unina.it\/cms\/wp-json\/wp\/v2\/posts\/1986\/revisions"}],"predecessor-version":[{"id":4733,"href":"https:\/\/www.iconografiacittaeuropea.unina.it\/cms\/wp-json\/wp\/v2\/posts\/1986\/revisions\/4733"}],"wp:attachment":[{"href":"https:\/\/www.iconografiacittaeuropea.unina.it\/cms\/wp-json\/wp\/v2\/media?parent=1986"}],"wp:term":[{"taxonomy":"category","embeddable":true,"href":"https:\/\/www.iconografiacittaeuropea.unina.it\/cms\/wp-json\/wp\/v2\/categories?post=1986"},{"taxonomy":"post_tag","embeddable":true,"href":"https:\/\/www.iconografiacittaeuropea.unina.it\/cms\/wp-json\/wp\/v2\/tags?post=1986"}],"curies":[{"name":"wp","href":"https:\/\/api.w.org\/{rel}","templated":true}]}}