{"id":2006,"date":"2021-04-21T16:30:53","date_gmt":"2021-04-21T16:30:53","guid":{"rendered":"https:\/\/cirice.hosting-em.store\/cms\/2021\/03\/11\/piaggine-soprane\/"},"modified":"2021-04-21T16:30:54","modified_gmt":"2021-04-21T16:30:54","slug":"piaggine-soprane","status":"publish","type":"post","link":"https:\/\/www.iconografiacittaeuropea.unina.it\/cms\/piaggine-soprane\/","title":{"rendered":"Piaggine Soprane"},"content":{"rendered":"<p><img src=\/catalogo\/archivio_immagini\/2piagginebs.jpg \/><br \/>\n<!--more--><br \/>\nL\u2019immagine \u00e8 inserita nel primo volume del &#8220;Regno di Napoli in prospettiva&#8221; dell\u2019abate Giovanni Battista Pacichelli, edito a Napoli da Michele Luigi Muzio e Domenico Antonio Parrino nel 1702-03.<br \/>\nDopo una lunga serie di viaggi in varie regioni europee per adempiere ai suoi compiti di uditore generale alla Nunziatura apostolica di Colonia, il Pacichelli, rientrato in Italia nel 1677, si trasfer\u00ec successivamente a Napoli al servizio della Casa Farnese. Nella capitale strinse attivi rapporti di collaborazione con gli editori Muzio e Parrino &#8211; che pubblicarono anche vari suoi scritti nei volumi delle Memorie &#8211; partecipando alla definizione del progetto del &#8220;Regno di Napoli in prospettiva&#8221;: per tale pubblicazione egli defin\u00ec in primo luogo la trattazione scritta, consegnata agli editori gi\u00e0 nel 1692, frutto in particolare di una serie di viaggi compiuti nel territorio meridionale e strutturata su erudite narrazioni principalmente di tipo storico.<br \/>\nLa sua conoscenza delle pubblicazioni europee, maturata durante l\u2019esperienza degli anni precedenti,  gli permise di dare un contributo significativo all\u2019articolazione della pubblicazione, sottolineando con grande consapevolezza la complessit\u00e0 di una simile opera, in particolare per ci\u00f2 che concerneva la definizione dell\u2019apparato iconografico. Ed in effetti il reperimento delle circa cento immagini incluse nella pubblicazione fu un\u2019impresa complessa, articolata da un lato nel reperimento di immagini gi\u00e0 esistenti e dall\u2019altro attraverso la definizione di materiale del tutto nuovo. Il contributo di Francesco Cassiano de Silva \u00e8 a questo riguardo di fondamentale importanza, sia nella definizione delle carte delle province, riproposizioni del materiale gi\u00e0 realizzato da lui in precedenza per Antonio Bulifon, sia nella rielaborazione del materiale esistente raccolto sia soprattutto per le immagini di nuova concezione, una ricchissima serie di vedute in prospettiva e di profili di citt\u00e0 definita dal vero in occasione di una lunga serie di viaggi per il regno. La veduta di Piaggine Soprane costituisce un caso di particolare interesse poich\u00e8 non \u00e8 inserita nell\u2019atlante manoscritto del 1695-1705 ca.; risulta inoltre essere particolare, in un\u2019opera che si concentra in particolare sulle citt\u00e0 sedi vescovili, anche la scelta dell\u2019oggetto della rappresentazione, dedicata ad un casale, sia pur significativo, della citt\u00e0 di Laurino. Una delle possibili motivazioni per aver considerato Piaggine una realt\u00e0 indipendente per il Regno di Napoli in prospettiva pu\u00f2 essere individuata nelle parole dello stesso Cassiano de Silva che nel foglio 250 del manoscritto viennese scrive: \u00abEssa (Laurino) e tre altri suoi casali, due detti Piaggine, e l\u2019uno Fonga tutti e tre costituiscono un sol corpo con un solo popolo soggetto da una sola giurisdizione, divisi per\u00f2 nei pagamenti dal 1571 alla Regia corte siccome altres\u00ec si divise il suo clero dalle dette due Piaggine, restando Laurino col detto casale di Fonga\u00bb.<br \/>\nLa veduta presenta nella composizione i caratteri tipici della pubblicazione; in alto, entro nastro, \u00e8 inserito il titolo, con al lato lo stemma; in basso \u00e8 inserita la dedica a Francesco Riccio Pepoli e, in riquadro a parte, la legenda in 12 voci. L\u2019immagine descrive in maniera efficace la struttura del casale e dei suoi rioni, sviluppati lungo il pendio collinare verso il Calore, raffigurato in basso, sulle cui sponde viene indicata la presenza del mulino del duca di Laurino. Dell\u2019insediamento viene sottolineato in primo luogo il ruolo della chiesa madre dedicata a San Nicola di Mira con la piazza antistante; altrettanto evidenziato \u00e8 il sistema di collegamento viario tra i rioni e i centri religiosi, San Sebastiano e il convento dei Cappuccini con la cappella di Santa Maria del Carmine a monte, San Giuseppe e San Pietro a valle. Sulla sinistra si intravede anche Piaggine Sottane, diventata comune autonomo come Valle dell\u2019Angelo. [Maria Iaccarino]<\/p>\n","protected":false},"excerpt":{"rendered":"","protected":false},"author":1,"featured_media":0,"comment_status":"closed","ping_status":"closed","sticky":false,"template":"","format":"standard","meta":[],"categories":[2],"tags":[],"_links":{"self":[{"href":"https:\/\/www.iconografiacittaeuropea.unina.it\/cms\/wp-json\/wp\/v2\/posts\/2006"}],"collection":[{"href":"https:\/\/www.iconografiacittaeuropea.unina.it\/cms\/wp-json\/wp\/v2\/posts"}],"about":[{"href":"https:\/\/www.iconografiacittaeuropea.unina.it\/cms\/wp-json\/wp\/v2\/types\/post"}],"author":[{"embeddable":true,"href":"https:\/\/www.iconografiacittaeuropea.unina.it\/cms\/wp-json\/wp\/v2\/users\/1"}],"replies":[{"embeddable":true,"href":"https:\/\/www.iconografiacittaeuropea.unina.it\/cms\/wp-json\/wp\/v2\/comments?post=2006"}],"version-history":[{"count":2,"href":"https:\/\/www.iconografiacittaeuropea.unina.it\/cms\/wp-json\/wp\/v2\/posts\/2006\/revisions"}],"predecessor-version":[{"id":4754,"href":"https:\/\/www.iconografiacittaeuropea.unina.it\/cms\/wp-json\/wp\/v2\/posts\/2006\/revisions\/4754"}],"wp:attachment":[{"href":"https:\/\/www.iconografiacittaeuropea.unina.it\/cms\/wp-json\/wp\/v2\/media?parent=2006"}],"wp:term":[{"taxonomy":"category","embeddable":true,"href":"https:\/\/www.iconografiacittaeuropea.unina.it\/cms\/wp-json\/wp\/v2\/categories?post=2006"},{"taxonomy":"post_tag","embeddable":true,"href":"https:\/\/www.iconografiacittaeuropea.unina.it\/cms\/wp-json\/wp\/v2\/tags?post=2006"}],"curies":[{"name":"wp","href":"https:\/\/api.w.org\/{rel}","templated":true}]}}