{"id":2009,"date":"2021-04-21T16:30:53","date_gmt":"2021-04-21T16:30:53","guid":{"rendered":"https:\/\/cirice.hosting-em.store\/cms\/2021\/03\/11\/veduta-di-polla\/"},"modified":"2021-04-21T16:30:54","modified_gmt":"2021-04-21T16:30:54","slug":"veduta-di-polla","status":"publish","type":"post","link":"https:\/\/www.iconografiacittaeuropea.unina.it\/cms\/veduta-di-polla\/","title":{"rendered":"Veduta di Polla"},"content":{"rendered":"<p><img src=\/catalogo\/archivio_immagini\/2013.jpg \/><br \/>\n<!--more--><br \/>\nL\u2019incisione su rame, stampata su pergamena, \u00e8 un documento di particolare interesse per quanto riguarda il suo possibile contributo sia alla conoscenza della citt\u00e0 di Polla che pi\u00f9 in generale della complessa realt\u00e0 idrogeologica del Vallo di Diano; definita da Cristoforo Chor, ingegnere della Giunta dei Regi Lagni, la veduta si pu\u00f2 considerare un approfondimento dell\u2019immagine a volo d\u2019uccello dello stesso autore dedicata all\u2019intero Vallo, come si evince da alcuni elementi simili come l\u2019orientamento. Il lavoro si pu\u00f2 considerare in primo luogo una rappresentazione, peraltro topograficamente piuttosto precisa, dello stato dei luoghi; la veduta, definita da un punto di vista collocato lungo la valle del Tanagro frontalmente all\u2019insediamento urbano di Polla, disegna in maniera attenta il complesso ambiente naturale della piana, riportando fin nei minimi dettagli la definizione del costruito e sottolineando attentamente le relazioni tra la morfologia del territorio, l\u2019edificato e il corso del fiume. Particolarmente felice \u00e8 l\u2019attenzione dedicata ad una serie di dettagli, come si pu\u00f2 notare nella rappresentazione delle essenze arboree e della giuncaglia, dei battelli, delle costruzioni di servizio, della complessa articolazione del sistema collinare sulla destra; l\u2019attentissima definizione architettonica delle chiese e dei palazzi fino all\u2019edilizia minore rendono la veduta un documento particolarmente accurato dello stato dell\u2019insediamento agli inizi del XVIII secolo.<br \/>\nAl di l\u00e0 di questi aspetti, la veduta denuncia la sua natura pi\u00f9 squisitamente tecnica nella rappresentazione del fiume e pi\u00f9 in generale della situazione idrogeologica della stretta della vallata. Con grande attenzione l\u2019autore delinea l\u2019andamento del Tanagro soffermandosi in particolare sull\u2019ansa e sullo stato delle due crive, gli inghiottitoi carsici presenti anche a Sant\u2019Arsenio, raffigurate talmente colme d\u2019acqua da poter essere solcate da un battello; altrettanta precisione viene dedicata alla rappresentazione della conformazione del ponte a valle della citt\u00e0. E\u2019 evidente dunque l\u2019attenzione dedicata alla zona pi\u00f9 delicata del corso del Tanagro in prossimit\u00e0 della stretta, la cui conformazione \u00e8, insieme all\u2019ostruzione delle crive, la causa principale del rigorgo delle acque e degli impaludamenti; l\u2019immagine riporta un progetto consistente nella creazione di un nuovo percorso delle acque \u2013 il \u00abtagliamento da farsi\u00bb &#8211; in modo da convogliarle pi\u00f9 linearmente nella \u00abBocca del Fossato\u00bb del Maltempo.<br \/>\n[Maria Iaccarino]<\/p>\n","protected":false},"excerpt":{"rendered":"","protected":false},"author":1,"featured_media":0,"comment_status":"closed","ping_status":"closed","sticky":false,"template":"","format":"standard","meta":[],"categories":[2],"tags":[],"_links":{"self":[{"href":"https:\/\/www.iconografiacittaeuropea.unina.it\/cms\/wp-json\/wp\/v2\/posts\/2009"}],"collection":[{"href":"https:\/\/www.iconografiacittaeuropea.unina.it\/cms\/wp-json\/wp\/v2\/posts"}],"about":[{"href":"https:\/\/www.iconografiacittaeuropea.unina.it\/cms\/wp-json\/wp\/v2\/types\/post"}],"author":[{"embeddable":true,"href":"https:\/\/www.iconografiacittaeuropea.unina.it\/cms\/wp-json\/wp\/v2\/users\/1"}],"replies":[{"embeddable":true,"href":"https:\/\/www.iconografiacittaeuropea.unina.it\/cms\/wp-json\/wp\/v2\/comments?post=2009"}],"version-history":[{"count":2,"href":"https:\/\/www.iconografiacittaeuropea.unina.it\/cms\/wp-json\/wp\/v2\/posts\/2009\/revisions"}],"predecessor-version":[{"id":4757,"href":"https:\/\/www.iconografiacittaeuropea.unina.it\/cms\/wp-json\/wp\/v2\/posts\/2009\/revisions\/4757"}],"wp:attachment":[{"href":"https:\/\/www.iconografiacittaeuropea.unina.it\/cms\/wp-json\/wp\/v2\/media?parent=2009"}],"wp:term":[{"taxonomy":"category","embeddable":true,"href":"https:\/\/www.iconografiacittaeuropea.unina.it\/cms\/wp-json\/wp\/v2\/categories?post=2009"},{"taxonomy":"post_tag","embeddable":true,"href":"https:\/\/www.iconografiacittaeuropea.unina.it\/cms\/wp-json\/wp\/v2\/tags?post=2009"}],"curies":[{"name":"wp","href":"https:\/\/api.w.org\/{rel}","templated":true}]}}