{"id":2054,"date":"2021-04-21T16:31:04","date_gmt":"2021-04-21T16:31:04","guid":{"rendered":"https:\/\/cirice.hosting-em.store\/cms\/2021\/03\/11\/evoli\/"},"modified":"2021-04-21T16:31:06","modified_gmt":"2021-04-21T16:31:06","slug":"evoli","status":"publish","type":"post","link":"https:\/\/www.iconografiacittaeuropea.unina.it\/cms\/evoli\/","title":{"rendered":"Evoli"},"content":{"rendered":"<p><img src=\/catalogo\/archivio_immagini\/.jpg \/><br \/>\n<!--more--><br \/>\nLa veduta in prospettiva della citt\u00e0 di Eboli fa parte dell\u2019apparato iconografico del primo volume Del Regno di Napoli in prospettiva scritto dall\u2019abate Giovan Battista Pacichelli e pubblicato a Napoli nel 1702 dall\u2019editore Michele Luigi Muzio. La citt\u00e0 faceva parte della seconda provincia del regno \u00abDella Picenza o Citerior Principato\u00bb ossia del Principato Citra e pare oramai assodato che Cassiano de Silva ne abbia fornito l\u2019incisione in quanto ne inserisce il disegno nell\u2019album manoscritto conservato alla \u00d6sterreichische Nationalbibliothek di Vienna. La stampa presenta, in calce al centro, un cartiglio all\u2019interno del quale vi \u00e8 la dedica al barone Giuseppe Mirto \u00abpatrizio d\u2019Evoli\u00bb con il soprastante stemma del casato. All\u2019interno del testo il Pacichelli elogia la famiglia \u00abper pi\u00f9 secoli d\u2019antichit\u00e0; annoverando ottimi giurisconsulti e zelantissimi prelati\u00bb e lo cita in quanto Gaspar Mendez de Haro marchese del Carpio vicer\u00e9 di Napoli dal 1683 all\u201987 \u00abdiede per tale riguardo la Ginetta di Capitan di Fanteria al meritevole Giuseppe\u00bb. Nel testo sono riportate altre notizie relative all\u2019origine del toponimo, alla fondazione, alle culture, ai corsi d\u2019acqua, alle fabbriche religiose e alle reliquie ivi conservate, alle infrastrutture, al castello ed infine alle altre famiglie aristocratiche del luogo.<br \/>\nLa citt\u00e0 \u00e8 ripresa da un punto di vista reale posto pi\u00f9 in alto rispetto al suo sito in modo da poter ritrarre non solo il centro abitato, ma anche parte del territorio circostante.<br \/>\nAi lati della dedica \u00e8 inserita una legenda con 16 toponimi che identificano sulla veduta le fabbriche maggiormente rappresentative che appaiono sovradimensionate rispetto al vero per potersi distinguere all\u2019interno dell\u2019uniforme tessuto urbano. Particolare attenzione \u00e8 rivolta al disegno della cinta muraria raffigurata in prospettiva sul fronte e in pianta sugli altri lati. Il castello Colonna \u00e8 raffigurato a pianta quadrata con le torri tutte uguali perci\u00f2 con una volumetria diversa da quella reale a pianta trapezoidale e con torri circolari e quadrilatere. Spiccano la chiesa e convento dei padri zoccolanti e le chiese di San Francesco di Paola con l\u2019alto campanile a pi\u00f9 piani, di San Pietro alli Marmi con il caratteristico campanile di forma siculo-normanna e il Duomo. Al di fuori dei bastioni fortificati altri complessi religiosi tra cui il complesso conventuale dei Cappuccini che domina la valle dell\u2019Alburno di cui sono delineate sia la chiesa sia le fabbriche conventuali.  (Paola Carla Verde)<\/p>\n","protected":false},"excerpt":{"rendered":"","protected":false},"author":1,"featured_media":0,"comment_status":"closed","ping_status":"closed","sticky":false,"template":"","format":"standard","meta":[],"categories":[2],"tags":[],"_links":{"self":[{"href":"https:\/\/www.iconografiacittaeuropea.unina.it\/cms\/wp-json\/wp\/v2\/posts\/2054"}],"collection":[{"href":"https:\/\/www.iconografiacittaeuropea.unina.it\/cms\/wp-json\/wp\/v2\/posts"}],"about":[{"href":"https:\/\/www.iconografiacittaeuropea.unina.it\/cms\/wp-json\/wp\/v2\/types\/post"}],"author":[{"embeddable":true,"href":"https:\/\/www.iconografiacittaeuropea.unina.it\/cms\/wp-json\/wp\/v2\/users\/1"}],"replies":[{"embeddable":true,"href":"https:\/\/www.iconografiacittaeuropea.unina.it\/cms\/wp-json\/wp\/v2\/comments?post=2054"}],"version-history":[{"count":2,"href":"https:\/\/www.iconografiacittaeuropea.unina.it\/cms\/wp-json\/wp\/v2\/posts\/2054\/revisions"}],"predecessor-version":[{"id":4802,"href":"https:\/\/www.iconografiacittaeuropea.unina.it\/cms\/wp-json\/wp\/v2\/posts\/2054\/revisions\/4802"}],"wp:attachment":[{"href":"https:\/\/www.iconografiacittaeuropea.unina.it\/cms\/wp-json\/wp\/v2\/media?parent=2054"}],"wp:term":[{"taxonomy":"category","embeddable":true,"href":"https:\/\/www.iconografiacittaeuropea.unina.it\/cms\/wp-json\/wp\/v2\/categories?post=2054"},{"taxonomy":"post_tag","embeddable":true,"href":"https:\/\/www.iconografiacittaeuropea.unina.it\/cms\/wp-json\/wp\/v2\/tags?post=2054"}],"curies":[{"name":"wp","href":"https:\/\/api.w.org\/{rel}","templated":true}]}}