{"id":427,"date":"2021-04-21T16:24:03","date_gmt":"2021-04-21T16:24:03","guid":{"rendered":"https:\/\/cirice.hosting-em.store\/cms\/2021\/03\/11\/puteoli-2\/"},"modified":"2021-04-21T16:24:05","modified_gmt":"2021-04-21T16:24:05","slug":"puteoli-2","status":"publish","type":"post","link":"https:\/\/www.iconografiacittaeuropea.unina.it\/cms\/puteoli-2\/","title":{"rendered":"Puteoli"},"content":{"rendered":"<p><img src=\/catalogo\/archivio_immagini\/008pz.jpg \/><br \/>\n<!--more--><br \/>\nContenuta, in coppia con un\u2019altra veduta orizzontale raffigurante il litorale di Baia, nel Civitates Orbis Terrarum di Georg Braun (Colonia, Gottried von Kempen, 6 voll., 1572-1618, vol. II: De praecipuis, totius universi urbibus, liber secundus, 1575, tav. 51), l\u2019incisione acquerellata \u00e8 stata considerata una delle prime rappresentazioni \u00abravvicinate\u00bb dell\u2019antica citt\u00e0 flegrea.<br \/>\nRispetto alla pi\u00f9 nota rappresentazione di Georg Joris Hoefnagel, contenuta nello stesso Atlante (vol. III: Urbium praecipuarum totius mundi liber tertius, 1581, tav. 56), quest\u2019anonima veduta in prospettiva &#8211; forse incisa da F. Hogemberg \u2013 pur conservando il medesimo punto di vista (da nord-est, probabilmente in localit\u00e0 Piscinelle), presenta un apparato figurativo pi\u00f9 scarno, privo di legenda esplicativa e con le sole indicazioni, oltre al titolo in calce (Puteoli), della citt\u00e0 di Pozzuoli (Pvssol), di Baia (Baiae) e del cosiddetto \u00abmonte Sibilla\u00bb.<br \/>\n In primo piano, a ridosso del salto di quota di una terrazza naturale prospiciente press\u2019a poco l\u2019attuale via Mazzini, \u00e8 raffigurato un gruppo di abitazioni con lastrici solari animati dalla presenza di figure umane. Sullo sfondo, in posizione forzatamente avanzata rispetto alla realt\u00e0, si nota l\u2019antico molo puteolano, e poco pi\u00f9 avanti un piccolo cantiere navale. Sulla sinistra del campo figurato, invece, \u00e8 rappresentato il \u2018castrum\u2019 medievale, con le numerose strutture edilizie addossate al fianco settentrionale della Rocca. Al centro dell\u2019alto promontorio si nota il campanile parzialmente diroccato della chiesa cattedrale di San Procolo, sorta sui ruderi dell\u2019antico Tempio di Augusto.<\/p>\n","protected":false},"excerpt":{"rendered":"","protected":false},"author":1,"featured_media":0,"comment_status":"closed","ping_status":"closed","sticky":false,"template":"","format":"standard","meta":[],"categories":[2],"tags":[],"_links":{"self":[{"href":"https:\/\/www.iconografiacittaeuropea.unina.it\/cms\/wp-json\/wp\/v2\/posts\/427"}],"collection":[{"href":"https:\/\/www.iconografiacittaeuropea.unina.it\/cms\/wp-json\/wp\/v2\/posts"}],"about":[{"href":"https:\/\/www.iconografiacittaeuropea.unina.it\/cms\/wp-json\/wp\/v2\/types\/post"}],"author":[{"embeddable":true,"href":"https:\/\/www.iconografiacittaeuropea.unina.it\/cms\/wp-json\/wp\/v2\/users\/1"}],"replies":[{"embeddable":true,"href":"https:\/\/www.iconografiacittaeuropea.unina.it\/cms\/wp-json\/wp\/v2\/comments?post=427"}],"version-history":[{"count":1,"href":"https:\/\/www.iconografiacittaeuropea.unina.it\/cms\/wp-json\/wp\/v2\/posts\/427\/revisions"}],"predecessor-version":[{"id":3123,"href":"https:\/\/www.iconografiacittaeuropea.unina.it\/cms\/wp-json\/wp\/v2\/posts\/427\/revisions\/3123"}],"wp:attachment":[{"href":"https:\/\/www.iconografiacittaeuropea.unina.it\/cms\/wp-json\/wp\/v2\/media?parent=427"}],"wp:term":[{"taxonomy":"category","embeddable":true,"href":"https:\/\/www.iconografiacittaeuropea.unina.it\/cms\/wp-json\/wp\/v2\/categories?post=427"},{"taxonomy":"post_tag","embeddable":true,"href":"https:\/\/www.iconografiacittaeuropea.unina.it\/cms\/wp-json\/wp\/v2\/tags?post=427"}],"curies":[{"name":"wp","href":"https:\/\/api.w.org\/{rel}","templated":true}]}}