{"id":433,"date":"2021-04-21T16:24:03","date_gmt":"2021-04-21T16:24:03","guid":{"rendered":"https:\/\/cirice.hosting-em.store\/cms\/2021\/03\/11\/pozzuoli\/"},"modified":"2021-04-21T16:24:06","modified_gmt":"2021-04-21T16:24:06","slug":"pozzuoli","status":"publish","type":"post","link":"https:\/\/www.iconografiacittaeuropea.unina.it\/cms\/pozzuoli\/","title":{"rendered":"Pozzuoli"},"content":{"rendered":"<p><img src=\/catalogo\/archivio_immagini\/032pz.jpg \/><br \/>\n<!--more--><br \/>\nL\u2019incisione acquerellata \u00e8 una delle quattro tavole sui Campi Flegrei firmate dal fiammingo Georg Joris Hoefnagel per il &#8216;Civitates Orbis Terrarum\u201d di Georg Braun (1541-1622). L\u2019immagine reca in testa uno dei pi\u00f9 felici giudizi espressi  in et\u00e0 classica sulla &#8216;bellezza\u201d dei Campi Flegrei (Orazio, epist. I 1. 83) ed in calce riporta una dedica al geografo Ortelius, autore del &#8216;Theatrum Orbis Terrarum\u201d (1570), a cui l\u2019incisore Hogenberg aveva contribuito per l\u2019apparato iconografico ed a cui s\u2019ispir\u00f2 successivamente l\u2019atlante del Braun.<br \/>\nLa ripresa &#8216;realistica\u201d di questa veduta prospettica deriva molto probabilmente dalla visione diretta dei luoghi, che l\u2019artista fiammingo ebbe modo di visitare, insieme allo stesso Hortelius, nel 1578. Tuttavia, le componenti naturalistiche e antiquarie della rappresentazione (come i ruderi delle terme di Nettuno, di et\u00e0 augustea, o la sinuosit\u00e0 con cui sono resi i salti di quota dei terrazzamenti verso la costa) appaiono ancora sovrabbondanti rispetto alla realt\u00e0 insediativa, come si evince dalla mancanza di riferimenti al tessuto edilizio medievale esistente fuori la cinta muraria dell\u2019antico centro puteolano (non a caso indicato nella legenda come &#8216;Oppidum Puteoli dicearchia dicto primis), che in definitiva rendono l\u2019opera meno &#8216;veritiera\u201d rispetto alla veduta prospettica contenuta nel precedente volume (II, tav. 51) del Civitates Orbis Terrarum ed avente lo stesso punto di vista.<br \/>\nCon riferimento a quest\u2019ultima tavola, di particolare interesse \u00e8 il campanile della chiesa cattedrale dedicata a S. Procolo (attuale Duomo, denominato &#8216;Templum Antiquum\u201d nella legenda) che qui appare finalmente ricostruito, anche se rappresentato con una cupola cuspidale di chiara impronta nordica. A parte la chiesa altomedievale di S. Procolo \u2013 originariamente adattata all\u2019interno dell\u2019antico tempio di Augusto (194 a.C.) \u2013 ed il cosiddetto \u00abmolo di Caligola\u00bb, \u00e8 ben visibile il torrione angolare prospiciente il mare, facente parte del sistema difensivo della citt\u00e0 ed ancora oggi esistente.<\/p>\n","protected":false},"excerpt":{"rendered":"","protected":false},"author":1,"featured_media":0,"comment_status":"closed","ping_status":"closed","sticky":false,"template":"","format":"standard","meta":[],"categories":[2],"tags":[],"_links":{"self":[{"href":"https:\/\/www.iconografiacittaeuropea.unina.it\/cms\/wp-json\/wp\/v2\/posts\/433"}],"collection":[{"href":"https:\/\/www.iconografiacittaeuropea.unina.it\/cms\/wp-json\/wp\/v2\/posts"}],"about":[{"href":"https:\/\/www.iconografiacittaeuropea.unina.it\/cms\/wp-json\/wp\/v2\/types\/post"}],"author":[{"embeddable":true,"href":"https:\/\/www.iconografiacittaeuropea.unina.it\/cms\/wp-json\/wp\/v2\/users\/1"}],"replies":[{"embeddable":true,"href":"https:\/\/www.iconografiacittaeuropea.unina.it\/cms\/wp-json\/wp\/v2\/comments?post=433"}],"version-history":[{"count":1,"href":"https:\/\/www.iconografiacittaeuropea.unina.it\/cms\/wp-json\/wp\/v2\/posts\/433\/revisions"}],"predecessor-version":[{"id":3129,"href":"https:\/\/www.iconografiacittaeuropea.unina.it\/cms\/wp-json\/wp\/v2\/posts\/433\/revisions\/3129"}],"wp:attachment":[{"href":"https:\/\/www.iconografiacittaeuropea.unina.it\/cms\/wp-json\/wp\/v2\/media?parent=433"}],"wp:term":[{"taxonomy":"category","embeddable":true,"href":"https:\/\/www.iconografiacittaeuropea.unina.it\/cms\/wp-json\/wp\/v2\/categories?post=433"},{"taxonomy":"post_tag","embeddable":true,"href":"https:\/\/www.iconografiacittaeuropea.unina.it\/cms\/wp-json\/wp\/v2\/tags?post=433"}],"curies":[{"name":"wp","href":"https:\/\/api.w.org\/{rel}","templated":true}]}}